{"id":118,"date":"2010-10-01T20:31:47","date_gmt":"2010-10-01T20:31:47","guid":{"rendered":"http:\/\/fotoplus.com\/acesso\/?p=118"},"modified":"2010-10-01T20:31:47","modified_gmt":"2010-10-01T20:31:47","slug":"cinearte-1926-1942-e-a-scena-muda-1921-1955","status":"publish","type":"post","link":"https:\/\/www.fotoplus.com\/acesso\/?p=118","title":{"rendered":"Cinearte (1926-1942) e A Scena Muda (1921-1955)"},"content":{"rendered":"<p><strong>Biblioteca Digital das Artes do Espet\u00e1culo<\/strong><\/p>\n<p>Todas as edi\u00e7\u00f5es das revistas de cinemas \u00a0&#8211; <strong>A Scena Muda(1921-1955) <\/strong>e<strong> Cinearte (1926-1942) <\/strong>&#8211; est\u00e3o dispon\u00edveis no projeto organizado pela Biblioteca Jenny Klabin Segall, do Museu Lasar Segall (SP).<\/p>\n<p>link direto: <a title=\"A Scena Muda e Cinearte\" href=\"http:\/\/www.bjksdigital.museusegall.org.br\/\" target=\"_blank\">http:\/\/www.bjksdigital.museusegall.org.br\/<\/a><\/p>\n<p>link institucional: <a title=\"Museu Lasar Segall (SP)\" href=\"http:\/\/www.museusegall.org.br\/\" target=\"_blank\">http:\/\/www.museusegall.org.br<\/a><\/p>\n<p>.inser\u00e7\u00e3o em: 2010.10.01 &#8211; RM<\/p>\n","protected":false},"excerpt":{"rendered":"<p>Biblioteca Digital das Artes do Espet\u00e1culo Todas as edi\u00e7\u00f5es das revistas de cinemas \u00a0&#8211; A Scena Muda(1921-1955) e Cinearte (1926-1942) &#8211; est\u00e3o dispon\u00edveis no projeto organizado pela Biblioteca Jenny Klabin Segall, do Museu Lasar Segall (SP). link direto: http:\/\/www.bjksdigital.museusegall.org.br\/ link institucional: http:\/\/www.museusegall.org.br .inser\u00e7\u00e3o em: 2010.10.01 &#8211; RM<\/p>\n","protected":false},"author":1,"featured_media":0,"comment_status":"closed","ping_status":"open","sticky":false,"template":"","format":"standard","meta":{"footnotes":""},"categories":[13,31,41],"tags":[52,75,76,101,108,109],"class_list":["post-118","post","type-post","status-publish","format-standard","hentry","category-cinema","category-imprensa-2","category-revistas","tag-a-scena-muda","tag-cinearte","tag-cinema","tag-historia","tag-imprensa","tag-imprensa-especializada"],"_links":{"self":[{"href":"https:\/\/www.fotoplus.com\/acesso\/index.php?rest_route=\/wp\/v2\/posts\/118","targetHints":{"allow":["GET"]}}],"collection":[{"href":"https:\/\/www.fotoplus.com\/acesso\/index.php?rest_route=\/wp\/v2\/posts"}],"about":[{"href":"https:\/\/www.fotoplus.com\/acesso\/index.php?rest_route=\/wp\/v2\/types\/post"}],"author":[{"embeddable":true,"href":"https:\/\/www.fotoplus.com\/acesso\/index.php?rest_route=\/wp\/v2\/users\/1"}],"replies":[{"embeddable":true,"href":"https:\/\/www.fotoplus.com\/acesso\/index.php?rest_route=%2Fwp%2Fv2%2Fcomments&post=118"}],"version-history":[{"count":0,"href":"https:\/\/www.fotoplus.com\/acesso\/index.php?rest_route=\/wp\/v2\/posts\/118\/revisions"}],"wp:attachment":[{"href":"https:\/\/www.fotoplus.com\/acesso\/index.php?rest_route=%2Fwp%2Fv2%2Fmedia&parent=118"}],"wp:term":[{"taxonomy":"category","embeddable":true,"href":"https:\/\/www.fotoplus.com\/acesso\/index.php?rest_route=%2Fwp%2Fv2%2Fcategories&post=118"},{"taxonomy":"post_tag","embeddable":true,"href":"https:\/\/www.fotoplus.com\/acesso\/index.php?rest_route=%2Fwp%2Fv2%2Ftags&post=118"}],"curies":[{"name":"wp","href":"https:\/\/api.w.org\/{rel}","templated":true}]}}