{"id":227,"date":"2010-10-24T04:35:40","date_gmt":"2010-10-24T04:35:40","guid":{"rendered":"http:\/\/fotoplus.com\/acesso\/?p=227"},"modified":"2024-07-04T15:57:00","modified_gmt":"2024-07-04T18:57:00","slug":"lampiao-da-esquina-1978-1981","status":"publish","type":"post","link":"https:\/\/www.fotoplus.com\/acesso\/?p=227","title":{"rendered":"Lampi\u00e3o da Esquina (1978-1981)"},"content":{"rendered":"<p>O &#8220;primeiro&#8221; jornal gay de longa dura\u00e7\u00e3o est\u00e1 dispon\u00edvel no site do Grupo Dignidade (Curitiba).<\/p>\n<p>link direto: <a href=\"https:\/\/cedoc.grupodignidade.org.br\/jornal-lampiao-da-esquina-1978-1981\" target=\"_blank\" rel=\"noopener\">https:\/\/cedoc.grupodignidade.org.br\/jornal-lampiao-da-esquina-1978-1981<\/a><\/p>\n<p>link gen\u00e9rico: <a title=\"Grupo Dignidade\" href=\"http:\/\/www.grupodignidade.org.br\" target=\"_blank\" rel=\"noopener\">http:\/\/www.grupodignidade.org.br<\/a><\/p>\n<p>.inser\u00e7\u00e3o: 2010.10.24 &#8211; RM, atualiza\u00e7\u00e3o: 2024.07.04 -RM<\/p>\n","protected":false},"excerpt":{"rendered":"<p>O &#8220;primeiro&#8221; jornal gay de longa dura\u00e7\u00e3o est\u00e1 dispon\u00edvel no site do Grupo Dignidade (Curitiba). link direto: https:\/\/cedoc.grupodignidade.org.br\/jornal-lampiao-da-esquina-1978-1981 link gen\u00e9rico: http:\/\/www.grupodignidade.org.br .inser\u00e7\u00e3o: 2010.10.24 &#8211; RM, atualiza\u00e7\u00e3o: 2024.07.04 -RM<\/p>\n","protected":false},"author":1,"featured_media":0,"comment_status":"closed","ping_status":"closed","sticky":false,"template":"","format":"standard","meta":{"footnotes":""},"categories":[31,33],"tags":[98,103],"class_list":["post-227","post","type-post","status-publish","format-standard","hentry","category-imprensa-2","category-jornais","tag-gay","tag-homoerotismo"],"_links":{"self":[{"href":"https:\/\/www.fotoplus.com\/acesso\/index.php?rest_route=\/wp\/v2\/posts\/227","targetHints":{"allow":["GET"]}}],"collection":[{"href":"https:\/\/www.fotoplus.com\/acesso\/index.php?rest_route=\/wp\/v2\/posts"}],"about":[{"href":"https:\/\/www.fotoplus.com\/acesso\/index.php?rest_route=\/wp\/v2\/types\/post"}],"author":[{"embeddable":true,"href":"https:\/\/www.fotoplus.com\/acesso\/index.php?rest_route=\/wp\/v2\/users\/1"}],"replies":[{"embeddable":true,"href":"https:\/\/www.fotoplus.com\/acesso\/index.php?rest_route=%2Fwp%2Fv2%2Fcomments&post=227"}],"version-history":[{"count":4,"href":"https:\/\/www.fotoplus.com\/acesso\/index.php?rest_route=\/wp\/v2\/posts\/227\/revisions"}],"predecessor-version":[{"id":1299,"href":"https:\/\/www.fotoplus.com\/acesso\/index.php?rest_route=\/wp\/v2\/posts\/227\/revisions\/1299"}],"wp:attachment":[{"href":"https:\/\/www.fotoplus.com\/acesso\/index.php?rest_route=%2Fwp%2Fv2%2Fmedia&parent=227"}],"wp:term":[{"taxonomy":"category","embeddable":true,"href":"https:\/\/www.fotoplus.com\/acesso\/index.php?rest_route=%2Fwp%2Fv2%2Fcategories&post=227"},{"taxonomy":"post_tag","embeddable":true,"href":"https:\/\/www.fotoplus.com\/acesso\/index.php?rest_route=%2Fwp%2Fv2%2Ftags&post=227"}],"curies":[{"name":"wp","href":"https:\/\/api.w.org\/{rel}","templated":true}]}}