{"id":263,"date":"2010-11-09T21:24:26","date_gmt":"2010-11-09T21:24:26","guid":{"rendered":"http:\/\/fotoplus.com\/acesso\/?p=263"},"modified":"2010-11-09T21:24:26","modified_gmt":"2010-11-09T21:24:26","slug":"projeto-brasil-memoria-das-artes-funarte","status":"publish","type":"post","link":"https:\/\/www.fotoplus.com\/acesso\/?p=263","title":{"rendered":"Projeto Brasil Mem\u00f3ria das Artes &#8211; FUNARTE"},"content":{"rendered":"<p>Lan\u00e7ado em novembro de 2010 o portal apresenta uma sele\u00e7\u00e3o de diversos acervos das unidades e projetos da FUNARTE<\/p>\n<p>.link direto: <a title=\"Funarte - Projeto Brasil Mem\u00f3ria das Artes\" href=\"http:\/\/www.funarte.gov.br\/brasilmemoriadasartes\" target=\"_blank\">http:\/\/www.funarte.gov.br\/brasilmemoriadasartes<\/a><\/p>\n<p>.link institucional: <a title=\"Funarte\" href=\"http:\/\/www.funarte.gov.br\" target=\"_blank\">http:\/\/www.funarte.gov.br<\/a><\/p>\n<p>.inser\u00e7\u00e3o: 2010.11.09 &#8211; RM<\/p>\n","protected":false},"excerpt":{"rendered":"<p>Lan\u00e7ado em novembro de 2010 o portal apresenta uma sele\u00e7\u00e3o de diversos acervos das unidades e projetos da FUNARTE .link direto: http:\/\/www.funarte.gov.br\/brasilmemoriadasartes .link institucional: http:\/\/www.funarte.gov.br .inser\u00e7\u00e3o: 2010.11.09 &#8211; RM<\/p>\n","protected":false},"author":1,"featured_media":0,"comment_status":"closed","ping_status":"closed","sticky":false,"template":"","format":"standard","meta":{"footnotes":""},"categories":[3,5,13,15,20,28,50,38,43],"tags":[97],"class_list":["post-263","post","type-post","status-publish","format-standard","hentry","category-artes-cenicas","category-artes-visuais","category-cinema","category-danca","category-fotografia","category-historia-da-fotografia","category-mpb","category-musica","category-teatro","tag-funarte"],"_links":{"self":[{"href":"https:\/\/www.fotoplus.com\/acesso\/index.php?rest_route=\/wp\/v2\/posts\/263","targetHints":{"allow":["GET"]}}],"collection":[{"href":"https:\/\/www.fotoplus.com\/acesso\/index.php?rest_route=\/wp\/v2\/posts"}],"about":[{"href":"https:\/\/www.fotoplus.com\/acesso\/index.php?rest_route=\/wp\/v2\/types\/post"}],"author":[{"embeddable":true,"href":"https:\/\/www.fotoplus.com\/acesso\/index.php?rest_route=\/wp\/v2\/users\/1"}],"replies":[{"embeddable":true,"href":"https:\/\/www.fotoplus.com\/acesso\/index.php?rest_route=%2Fwp%2Fv2%2Fcomments&post=263"}],"version-history":[{"count":0,"href":"https:\/\/www.fotoplus.com\/acesso\/index.php?rest_route=\/wp\/v2\/posts\/263\/revisions"}],"wp:attachment":[{"href":"https:\/\/www.fotoplus.com\/acesso\/index.php?rest_route=%2Fwp%2Fv2%2Fmedia&parent=263"}],"wp:term":[{"taxonomy":"category","embeddable":true,"href":"https:\/\/www.fotoplus.com\/acesso\/index.php?rest_route=%2Fwp%2Fv2%2Fcategories&post=263"},{"taxonomy":"post_tag","embeddable":true,"href":"https:\/\/www.fotoplus.com\/acesso\/index.php?rest_route=%2Fwp%2Fv2%2Ftags&post=263"}],"curies":[{"name":"wp","href":"https:\/\/api.w.org\/{rel}","templated":true}]}}