{"id":291,"date":"2011-02-24T21:47:47","date_gmt":"2011-02-24T21:47:47","guid":{"rendered":"http:\/\/fotoplus.com\/acesso\/?p=291"},"modified":"2011-02-24T21:47:47","modified_gmt":"2011-02-24T21:47:47","slug":"291","status":"publish","type":"post","link":"https:\/\/www.fotoplus.com\/acesso\/?p=291","title":{"rendered":"Revista do IHGB (1839-    )"},"content":{"rendered":"<p>O \u00a0IHGB &#8211; Instituto Hist\u00f3rico e Geogr\u00e1fico Brasileiro, sediado no Rio de Janeiro, disponibiliza a cole\u00e7\u00e3o de sua revista editada regularmente a partir de 1839. \u00a0A cole\u00e7\u00e3o constitui em si um extenso repert\u00f3rio para a pesquisa historiogr\u00e1fica sobre os diversos aspectos da cultura brasileira e reflete os rumos da historiografia nacional nesses dois s\u00e9culos.<\/p>\n<p>link direto: <a title=\"Revista do IHGB\" href=\"http:\/\/www.ihgb.org.br\/rihgb.php\" target=\"_blank\">http:\/\/www.ihgb.org.br\/rihgb.php<\/a><\/p>\n<p>link institucional: <a title=\"IHGB\" href=\"http:\/\/www.ihgb.org.br\" target=\"_blank\">http:\/\/www.ihgb.org.br<\/a><\/p>\n<p>.inser\u00e7\u00e3o em: 2011.02.24 &#8211; RM<\/p>\n","protected":false},"excerpt":{"rendered":"<p>O \u00a0IHGB &#8211; Instituto Hist\u00f3rico e Geogr\u00e1fico Brasileiro, sediado no Rio de Janeiro, disponibiliza a cole\u00e7\u00e3o de sua revista editada regularmente a partir de 1839. \u00a0A cole\u00e7\u00e3o constitui em si um extenso repert\u00f3rio para a pesquisa historiogr\u00e1fica sobre os diversos aspectos da cultura brasileira e reflete os rumos da historiografia nacional nesses dois s\u00e9culos. link &hellip; <a href=\"https:\/\/www.fotoplus.com\/acesso\/?p=291\" class=\"more-link\">Continue lendo<span class=\"screen-reader-text\"> &#8220;Revista do IHGB (1839-    )&#8221;<\/span><\/a><\/p>\n","protected":false},"author":1,"featured_media":0,"comment_status":"closed","ping_status":"closed","sticky":false,"template":"","format":"standard","meta":{"footnotes":""},"categories":[22,31,41],"tags":[102,106],"class_list":["post-291","post","type-post","status-publish","format-standard","hentry","category-historia","category-imprensa-2","category-revistas","tag-historia-do-brasil","tag-ihgb"],"_links":{"self":[{"href":"https:\/\/www.fotoplus.com\/acesso\/index.php?rest_route=\/wp\/v2\/posts\/291","targetHints":{"allow":["GET"]}}],"collection":[{"href":"https:\/\/www.fotoplus.com\/acesso\/index.php?rest_route=\/wp\/v2\/posts"}],"about":[{"href":"https:\/\/www.fotoplus.com\/acesso\/index.php?rest_route=\/wp\/v2\/types\/post"}],"author":[{"embeddable":true,"href":"https:\/\/www.fotoplus.com\/acesso\/index.php?rest_route=\/wp\/v2\/users\/1"}],"replies":[{"embeddable":true,"href":"https:\/\/www.fotoplus.com\/acesso\/index.php?rest_route=%2Fwp%2Fv2%2Fcomments&post=291"}],"version-history":[{"count":0,"href":"https:\/\/www.fotoplus.com\/acesso\/index.php?rest_route=\/wp\/v2\/posts\/291\/revisions"}],"wp:attachment":[{"href":"https:\/\/www.fotoplus.com\/acesso\/index.php?rest_route=%2Fwp%2Fv2%2Fmedia&parent=291"}],"wp:term":[{"taxonomy":"category","embeddable":true,"href":"https:\/\/www.fotoplus.com\/acesso\/index.php?rest_route=%2Fwp%2Fv2%2Fcategories&post=291"},{"taxonomy":"post_tag","embeddable":true,"href":"https:\/\/www.fotoplus.com\/acesso\/index.php?rest_route=%2Fwp%2Fv2%2Ftags&post=291"}],"curies":[{"name":"wp","href":"https:\/\/api.w.org\/{rel}","templated":true}]}}