{"id":311,"date":"2011-04-06T18:51:00","date_gmt":"2011-04-06T18:51:00","guid":{"rendered":"http:\/\/fotoplus.com\/acesso\/?p=311"},"modified":"2019-05-07T02:39:45","modified_gmt":"2019-05-07T05:39:45","slug":"brapci-ufpr","status":"publish","type":"post","link":"https:\/\/www.fotoplus.com\/acesso\/?p=311","title":{"rendered":"BRAPCI (UFPR)"},"content":{"rendered":"<p><strong>Base de Dados Referenciais de Artigos de Peri\u00f3dicos em Ci\u00eancia da Informa\u00e7\u00e3o<\/strong><\/p>\n<p>Desenvolvida por grupo de estudos da UFPR, a base oferece acesso abrangente a artigos em conjunto significativo de publica\u00e7\u00f5es. Os registros permitem a recupera\u00e7\u00e3o dos artigos em formato PDF ou via links externos.<\/p>\n<p>Conforme acesso em 2019.05.06: &#8220;Atualmente disponibiliza refer\u00eancias e resumos de 19.255 textos publicados em 57 peri\u00f3dicos nacionais impressos e eletr\u00f4nicos da \u00e1rea de CI. Dos peri\u00f3dicos dispon\u00edveis 40 est\u00e3o ativos e 17 hist\u00f3ricos (descontinuados).&#8221;<\/p>\n<p>.link direto: <a href=\"http:\/\/www.brapci.inf.br\" target=\"_blank\" rel=\"noopener noreferrer\">http:\/\/www.brapci.inf.br<\/a><\/p>\n<p>.<strong>desativado<\/strong>: http:\/\/www.brapci.ufpr.br<\/p>\n<p>.link institucional: <a title=\"UFPR\" href=\"http:\/\/www.ufpr.br\" target=\"_blank\" rel=\"noopener noreferrer\">http:\/\/www.ufpr.br<\/a><\/p>\n<p>inser\u00e7\u00e3o em: 2011.04.06 \u2013 RM, 2019.05.06 -RM<\/p>\n","protected":false},"excerpt":{"rendered":"<p>Base de Dados Referenciais de Artigos de Peri\u00f3dicos em Ci\u00eancia da Informa\u00e7\u00e3o Desenvolvida por grupo de estudos da UFPR, a base oferece acesso abrangente a artigos em conjunto significativo de publica\u00e7\u00f5es. Os registros permitem a recupera\u00e7\u00e3o dos artigos em formato PDF ou via links externos. Conforme acesso em 2019.05.06: &#8220;Atualmente disponibiliza refer\u00eancias e resumos de &hellip; <a href=\"https:\/\/www.fotoplus.com\/acesso\/?p=311\" class=\"more-link\">Continue lendo<span class=\"screen-reader-text\"> &#8220;BRAPCI (UFPR)&#8221;<\/span><\/a><\/p>\n","protected":false},"author":1,"featured_media":0,"comment_status":"closed","ping_status":"open","sticky":false,"template":"","format":"standard","meta":{"footnotes":""},"categories":[7,11,41],"tags":[74,134],"class_list":["post-311","post","type-post","status-publish","format-standard","hentry","category-base-de-dados","category-ciencias-da-informacao","category-revistas","tag-ciencias-da-informacao","tag-periodicos"],"_links":{"self":[{"href":"https:\/\/www.fotoplus.com\/acesso\/index.php?rest_route=\/wp\/v2\/posts\/311","targetHints":{"allow":["GET"]}}],"collection":[{"href":"https:\/\/www.fotoplus.com\/acesso\/index.php?rest_route=\/wp\/v2\/posts"}],"about":[{"href":"https:\/\/www.fotoplus.com\/acesso\/index.php?rest_route=\/wp\/v2\/types\/post"}],"author":[{"embeddable":true,"href":"https:\/\/www.fotoplus.com\/acesso\/index.php?rest_route=\/wp\/v2\/users\/1"}],"replies":[{"embeddable":true,"href":"https:\/\/www.fotoplus.com\/acesso\/index.php?rest_route=%2Fwp%2Fv2%2Fcomments&post=311"}],"version-history":[{"count":2,"href":"https:\/\/www.fotoplus.com\/acesso\/index.php?rest_route=\/wp\/v2\/posts\/311\/revisions"}],"predecessor-version":[{"id":897,"href":"https:\/\/www.fotoplus.com\/acesso\/index.php?rest_route=\/wp\/v2\/posts\/311\/revisions\/897"}],"wp:attachment":[{"href":"https:\/\/www.fotoplus.com\/acesso\/index.php?rest_route=%2Fwp%2Fv2%2Fmedia&parent=311"}],"wp:term":[{"taxonomy":"category","embeddable":true,"href":"https:\/\/www.fotoplus.com\/acesso\/index.php?rest_route=%2Fwp%2Fv2%2Fcategories&post=311"},{"taxonomy":"post_tag","embeddable":true,"href":"https:\/\/www.fotoplus.com\/acesso\/index.php?rest_route=%2Fwp%2Fv2%2Ftags&post=311"}],"curies":[{"name":"wp","href":"https:\/\/api.w.org\/{rel}","templated":true}]}}