{"id":405,"date":"2012-04-25T12:01:55","date_gmt":"2012-04-25T15:01:55","guid":{"rendered":"http:\/\/www.fotoplus.com\/acesso\/?p=405"},"modified":"2012-04-25T12:01:55","modified_gmt":"2012-04-25T15:01:55","slug":"jose-bonifacio-1763-1838-obra-completa","status":"publish","type":"post","link":"https:\/\/www.fotoplus.com\/acesso\/?p=405","title":{"rendered":"Jos\u00e9 Bonif\u00e1cio (1763-1838)  &#8211; Obra completa"},"content":{"rendered":"<p>Textos das mais diversas naturezas produzidos por Jos\u00e9 Bonif\u00e1cio de Andrada e Silva (1763-1838), figura eminente do processo de independ\u00eancia do Brasil e no Primeiro Reinado, est\u00e3o dispon\u00edveis no site <em><strong>Jos\u00e9 Bonif\u00e1cio &#8211; Obra Completa<\/strong><\/em>. Reune quase 10 mil p\u00e1ginas entre impressos e manuscritos, al\u00e9m de cronologia, genealogia etc<\/p>\n<p>.link geral: http:\/\/<a title=\"Jos\u00e9 Bonif\u00e1cio - Obra Completa\" href=\"http:\/\/www.obrabonifacio.com.br\" target=\"_blank\">www.obrabonifacio.com.br<\/a><\/p>\n<p>inser\u00e7\u00e3o em: RM (2012.04.25)<\/p>\n<p>&nbsp;<\/p>\n","protected":false},"excerpt":{"rendered":"<p>Textos das mais diversas naturezas produzidos por Jos\u00e9 Bonif\u00e1cio de Andrada e Silva (1763-1838), figura eminente do processo de independ\u00eancia do Brasil e no Primeiro Reinado, est\u00e3o dispon\u00edveis no site Jos\u00e9 Bonif\u00e1cio &#8211; Obra Completa. Reune quase 10 mil p\u00e1ginas entre impressos e manuscritos, al\u00e9m de cronologia, genealogia etc .link geral: http:\/\/www.obrabonifacio.com.br inser\u00e7\u00e3o em: RM &hellip; <a href=\"https:\/\/www.fotoplus.com\/acesso\/?p=405\" class=\"more-link\">Continue lendo<span class=\"screen-reader-text\"> &#8220;Jos\u00e9 Bonif\u00e1cio (1763-1838)  &#8211; Obra completa&#8221;<\/span><\/a><\/p>\n","protected":false},"author":1,"featured_media":0,"comment_status":"closed","ping_status":"closed","sticky":false,"template":"","format":"standard","meta":{"footnotes":""},"categories":[22,23],"tags":[112],"class_list":["post-405","post","type-post","status-publish","format-standard","hentry","category-historia","category-historia-brasil","tag-independencia-brasil"],"_links":{"self":[{"href":"https:\/\/www.fotoplus.com\/acesso\/index.php?rest_route=\/wp\/v2\/posts\/405","targetHints":{"allow":["GET"]}}],"collection":[{"href":"https:\/\/www.fotoplus.com\/acesso\/index.php?rest_route=\/wp\/v2\/posts"}],"about":[{"href":"https:\/\/www.fotoplus.com\/acesso\/index.php?rest_route=\/wp\/v2\/types\/post"}],"author":[{"embeddable":true,"href":"https:\/\/www.fotoplus.com\/acesso\/index.php?rest_route=\/wp\/v2\/users\/1"}],"replies":[{"embeddable":true,"href":"https:\/\/www.fotoplus.com\/acesso\/index.php?rest_route=%2Fwp%2Fv2%2Fcomments&post=405"}],"version-history":[{"count":0,"href":"https:\/\/www.fotoplus.com\/acesso\/index.php?rest_route=\/wp\/v2\/posts\/405\/revisions"}],"wp:attachment":[{"href":"https:\/\/www.fotoplus.com\/acesso\/index.php?rest_route=%2Fwp%2Fv2%2Fmedia&parent=405"}],"wp:term":[{"taxonomy":"category","embeddable":true,"href":"https:\/\/www.fotoplus.com\/acesso\/index.php?rest_route=%2Fwp%2Fv2%2Fcategories&post=405"},{"taxonomy":"post_tag","embeddable":true,"href":"https:\/\/www.fotoplus.com\/acesso\/index.php?rest_route=%2Fwp%2Fv2%2Ftags&post=405"}],"curies":[{"name":"wp","href":"https:\/\/api.w.org\/{rel}","templated":true}]}}