{"id":455,"date":"2013-01-08T11:29:18","date_gmt":"2013-01-08T14:29:18","guid":{"rendered":"http:\/\/www.fotoplus.com\/acesso\/?p=455"},"modified":"2013-01-08T11:29:18","modified_gmt":"2013-01-08T14:29:18","slug":"sino-azul-1928-1973","status":"publish","type":"post","link":"https:\/\/www.fotoplus.com\/acesso\/?p=455","title":{"rendered":"Sino Azul (1928-1973)"},"content":{"rendered":"<p>A Funda\u00e7\u00e3o Telef\u00f4nica\/Vivo disponibiliza desde 2010 a s\u00e9rie completa do peri\u00f3dico<strong> Sino Azul<\/strong>, que traz cerca de 350 edi\u00e7\u00f5es publicadas entre 1928 e 1973. Voltada para o cotidiano dos empregados da Companhia Telef\u00f4nica Brasileira o peri\u00f3dico \u00e9 importante fonte para a hist\u00f3ria da telefonia como tamb\u00e9m das rela\u00e7\u00f5es de trabalho no setor. O servi\u00e7o permite busca por palavra como tamb\u00e9m download de pdfs.<\/p>\n<div>\n<p>.link direto:\u00a0\u00a0<a title=\"Sino Azul\" href=\"http:\/\/www.colecaosinoazul.org.br\/\" target=\"_blank\">http:\/\/www.colecaosinoazul.org.br<\/a><\/p>\n<p>.link gen\u00e9rico: <a title=\"Funda\u00e7\u00e3o Telef\u00f4nica\" href=\"http:\/\/www.fundacaotelefonica.org.br\" target=\"_blank\">http:\/\/www.fundacaotelefonica.org.br<\/a><\/p>\n<p>.inser\u00e7\u00e3o em: 2013.01.09 \u2013 RM<\/p>\n<\/div>\n","protected":false},"excerpt":{"rendered":"<p>A Funda\u00e7\u00e3o Telef\u00f4nica\/Vivo disponibiliza desde 2010 a s\u00e9rie completa do peri\u00f3dico Sino Azul, que traz cerca de 350 edi\u00e7\u00f5es publicadas entre 1928 e 1973. Voltada para o cotidiano dos empregados da Companhia Telef\u00f4nica Brasileira o peri\u00f3dico \u00e9 importante fonte para a hist\u00f3ria da telefonia como tamb\u00e9m das rela\u00e7\u00f5es de trabalho no setor. O servi\u00e7o permite &hellip; <a href=\"https:\/\/www.fotoplus.com\/acesso\/?p=455\" class=\"more-link\">Continue lendo<span class=\"screen-reader-text\"> &#8220;Sino Azul (1928-1973)&#8221;<\/span><\/a><\/p>\n","protected":false},"author":1,"featured_media":0,"comment_status":"closed","ping_status":"closed","sticky":false,"template":"","format":"standard","meta":{"footnotes":""},"categories":[14,31,41],"tags":[78,133,150,152],"class_list":["post-455","post","type-post","status-publish","format-standard","hentry","category-comunicacoes","category-imprensa-2","category-revistas","tag-ctb-cia-telefonica-brasileira","tag-periodico","tag-sino-azul-revista","tag-telefonia"],"_links":{"self":[{"href":"https:\/\/www.fotoplus.com\/acesso\/index.php?rest_route=\/wp\/v2\/posts\/455","targetHints":{"allow":["GET"]}}],"collection":[{"href":"https:\/\/www.fotoplus.com\/acesso\/index.php?rest_route=\/wp\/v2\/posts"}],"about":[{"href":"https:\/\/www.fotoplus.com\/acesso\/index.php?rest_route=\/wp\/v2\/types\/post"}],"author":[{"embeddable":true,"href":"https:\/\/www.fotoplus.com\/acesso\/index.php?rest_route=\/wp\/v2\/users\/1"}],"replies":[{"embeddable":true,"href":"https:\/\/www.fotoplus.com\/acesso\/index.php?rest_route=%2Fwp%2Fv2%2Fcomments&post=455"}],"version-history":[{"count":0,"href":"https:\/\/www.fotoplus.com\/acesso\/index.php?rest_route=\/wp\/v2\/posts\/455\/revisions"}],"wp:attachment":[{"href":"https:\/\/www.fotoplus.com\/acesso\/index.php?rest_route=%2Fwp%2Fv2%2Fmedia&parent=455"}],"wp:term":[{"taxonomy":"category","embeddable":true,"href":"https:\/\/www.fotoplus.com\/acesso\/index.php?rest_route=%2Fwp%2Fv2%2Fcategories&post=455"},{"taxonomy":"post_tag","embeddable":true,"href":"https:\/\/www.fotoplus.com\/acesso\/index.php?rest_route=%2Fwp%2Fv2%2Ftags&post=455"}],"curies":[{"name":"wp","href":"https:\/\/api.w.org\/{rel}","templated":true}]}}