{"id":507,"date":"2014-09-26T18:29:07","date_gmt":"2014-09-26T18:29:07","guid":{"rendered":"http:\/\/fotoplus.com\/acesso\/?p=507"},"modified":"2014-09-26T18:29:07","modified_gmt":"2014-09-26T18:29:07","slug":"arquivo-geral-da-cidade-do-rio-de-janeiro-arquivo-virtual","status":"publish","type":"post","link":"https:\/\/www.fotoplus.com\/acesso\/?p=507","title":{"rendered":"Arquivo Geral da Cidade do Rio de Janeiro &#8211; Arquivo Virtual"},"content":{"rendered":"<p>O <strong>Arquivo Geral da Cidade do Rio de Janeiro<\/strong> disponibiliza, a partir de janeiro de 2014, \u00a0recorte significativo da documenta\u00e7\u00e3o custodiada atrav\u00e9s de seu portal virtual. \u00a0 O servi\u00e7o permite acesso a conjunto iconogr\u00e1ficos, como a produ\u00e7\u00e3o de Augusto Malta, ou o mosaico aerofotogram\u00e9trico do Distrito Federal realizado em 1928.<\/p>\n<p>&nbsp;<\/p>\n<p>link direto: http:\/\/<a title=\"Arquivo Geral da Cidade do Rio de Janeiro\" href=\"http:\/\/wpro.rio.rj.gov.br\/arquivovirtual\/web\/\" target=\"_blank\">wpro.rio.rj.gov.br\/arquivovirtual\/web\/<\/a><\/p>\n<p>link gen\u00e9rico: http:\/\/<a title=\"Arquivo Geral da Cidade do Rio de Janeiro\" href=\"http:\/\/www0.rio.rj.gov.br\/arquivo\/\" target=\"_blank\">www0.rio.rj.gov.br\/<b>arquivo<\/b>\/<\/a><\/p>\n<div class=\"f kv _SWb\">\n<div class=\"action-menu ab_ctl\">\u00a0.inser\u00e7\u00e3o em: 2014.09.26 \u2013 RM<\/div>\n<\/div>\n<p>&nbsp;<\/p>\n","protected":false},"excerpt":{"rendered":"<p>O Arquivo Geral da Cidade do Rio de Janeiro disponibiliza, a partir de janeiro de 2014, \u00a0recorte significativo da documenta\u00e7\u00e3o custodiada atrav\u00e9s de seu portal virtual. \u00a0 O servi\u00e7o permite acesso a conjunto iconogr\u00e1ficos, como a produ\u00e7\u00e3o de Augusto Malta, ou o mosaico aerofotogram\u00e9trico do Distrito Federal realizado em 1928. &nbsp; link direto: http:\/\/wpro.rio.rj.gov.br\/arquivovirtual\/web\/ link &hellip; <a href=\"https:\/\/www.fotoplus.com\/acesso\/?p=507\" class=\"more-link\">Continue lendo<span class=\"screen-reader-text\"> &#8220;Arquivo Geral da Cidade do Rio de Janeiro &#8211; Arquivo Virtual&#8221;<\/span><\/a><\/p>\n","protected":false},"author":1,"featured_media":0,"comment_status":"closed","ping_status":"open","sticky":false,"template":"","format":"standard","meta":{"footnotes":""},"categories":[48,10,20,46],"tags":[53,59,144],"class_list":["post-507","post","type-post","status-publish","format-standard","hentry","category-aerofotogrametria","category-cartografia","category-fotografia","category-urbanismo","tag-aerofotogrametria-2","tag-arquivos-publicos","tag-rio-de-janeiro-cidade-rj"],"_links":{"self":[{"href":"https:\/\/www.fotoplus.com\/acesso\/index.php?rest_route=\/wp\/v2\/posts\/507","targetHints":{"allow":["GET"]}}],"collection":[{"href":"https:\/\/www.fotoplus.com\/acesso\/index.php?rest_route=\/wp\/v2\/posts"}],"about":[{"href":"https:\/\/www.fotoplus.com\/acesso\/index.php?rest_route=\/wp\/v2\/types\/post"}],"author":[{"embeddable":true,"href":"https:\/\/www.fotoplus.com\/acesso\/index.php?rest_route=\/wp\/v2\/users\/1"}],"replies":[{"embeddable":true,"href":"https:\/\/www.fotoplus.com\/acesso\/index.php?rest_route=%2Fwp%2Fv2%2Fcomments&post=507"}],"version-history":[{"count":0,"href":"https:\/\/www.fotoplus.com\/acesso\/index.php?rest_route=\/wp\/v2\/posts\/507\/revisions"}],"wp:attachment":[{"href":"https:\/\/www.fotoplus.com\/acesso\/index.php?rest_route=%2Fwp%2Fv2%2Fmedia&parent=507"}],"wp:term":[{"taxonomy":"category","embeddable":true,"href":"https:\/\/www.fotoplus.com\/acesso\/index.php?rest_route=%2Fwp%2Fv2%2Fcategories&post=507"},{"taxonomy":"post_tag","embeddable":true,"href":"https:\/\/www.fotoplus.com\/acesso\/index.php?rest_route=%2Fwp%2Fv2%2Ftags&post=507"}],"curies":[{"name":"wp","href":"https:\/\/api.w.org\/{rel}","templated":true}]}}