{"id":534,"date":"2015-03-11T17:22:16","date_gmt":"2015-03-11T17:22:16","guid":{"rendered":"http:\/\/fotoplus.com\/acesso\/?p=534"},"modified":"2015-03-11T17:22:16","modified_gmt":"2015-03-11T17:22:16","slug":"museu-do-indio-rj-funai","status":"publish","type":"post","link":"https:\/\/www.fotoplus.com\/acesso\/?p=534","title":{"rendered":"Museu do \u00cdndio &#8211; FUNAI (RJ)"},"content":{"rendered":"<p>O <strong>Museu do \u00cdndio<\/strong>, da Funda\u00e7\u00e3o Nacional do \u00cdndio &#8211; Funai, disponibiliza parte de seu acervo nos cat\u00e1logos online dos acervos museol\u00f3gico e bibliogr\u00e1fico. Embora a visualiza\u00e7\u00e3o de imagens seja m\u00ednima, \u00e9 possivel ter acesso a parte dos \u00a076.821 registros audiovisuais e 833.221 documentos textuais (cf.site 03.2015). A cole\u00e7\u00e3o inclui ainda quase 16 mil pe\u00e7as etnogr\u00e1ficas e quase o mesmo n\u00famero de publica\u00e7\u00f5es.<\/p>\n<p>.link direto:\u00a0<a title=\"Museu do \u00cdndio (RJ) - Acervo museol\u00f3gico\" href=\"http:\/\/museudoindio.gov.br\/pesquisa\/acervo-online\" target=\"_blank\">http:\/\/museudoindio.gov.br\/pesquisa\/acervo-online<\/a> (acervo museol\u00f3gico)<\/p>\n<p>.link gen\u00e9rico:\u00a0<a title=\"Museu do \u00cdndio (FUNAI)\" href=\"http:\/\/museudoindio.gov.br\" target=\"_blank\">http:\/\/museudoindio.gov.br<\/a><\/p>\n<p>.<strong>inser\u00e7\u00e3o em: 2015.03.11 \u2013 RM<\/strong><\/p>\n<p>&nbsp;<\/p>\n","protected":false},"excerpt":{"rendered":"<p>O Museu do \u00cdndio, da Funda\u00e7\u00e3o Nacional do \u00cdndio &#8211; Funai, disponibiliza parte de seu acervo nos cat\u00e1logos online dos acervos museol\u00f3gico e bibliogr\u00e1fico. Embora a visualiza\u00e7\u00e3o de imagens seja m\u00ednima, \u00e9 possivel ter acesso a parte dos \u00a076.821 registros audiovisuais e 833.221 documentos textuais (cf.site 03.2015). A cole\u00e7\u00e3o inclui ainda quase 16 mil pe\u00e7as &hellip; <a href=\"https:\/\/www.fotoplus.com\/acesso\/?p=534\" class=\"more-link\">Continue lendo<span class=\"screen-reader-text\"> &#8220;Museu do \u00cdndio &#8211; FUNAI (RJ)&#8221;<\/span><\/a><\/p>\n","protected":false},"author":1,"featured_media":0,"comment_status":"closed","ping_status":"open","sticky":false,"template":"","format":"standard","meta":{"footnotes":""},"categories":[6,20,23,35],"tags":[90,140],"class_list":["post-534","post","type-post","status-publish","format-standard","hentry","category-audiovisual","category-fotografia","category-historia-brasil","category-livros","tag-etnografia","tag-povos-indigenas"],"_links":{"self":[{"href":"https:\/\/www.fotoplus.com\/acesso\/index.php?rest_route=\/wp\/v2\/posts\/534","targetHints":{"allow":["GET"]}}],"collection":[{"href":"https:\/\/www.fotoplus.com\/acesso\/index.php?rest_route=\/wp\/v2\/posts"}],"about":[{"href":"https:\/\/www.fotoplus.com\/acesso\/index.php?rest_route=\/wp\/v2\/types\/post"}],"author":[{"embeddable":true,"href":"https:\/\/www.fotoplus.com\/acesso\/index.php?rest_route=\/wp\/v2\/users\/1"}],"replies":[{"embeddable":true,"href":"https:\/\/www.fotoplus.com\/acesso\/index.php?rest_route=%2Fwp%2Fv2%2Fcomments&post=534"}],"version-history":[{"count":0,"href":"https:\/\/www.fotoplus.com\/acesso\/index.php?rest_route=\/wp\/v2\/posts\/534\/revisions"}],"wp:attachment":[{"href":"https:\/\/www.fotoplus.com\/acesso\/index.php?rest_route=%2Fwp%2Fv2%2Fmedia&parent=534"}],"wp:term":[{"taxonomy":"category","embeddable":true,"href":"https:\/\/www.fotoplus.com\/acesso\/index.php?rest_route=%2Fwp%2Fv2%2Fcategories&post=534"},{"taxonomy":"post_tag","embeddable":true,"href":"https:\/\/www.fotoplus.com\/acesso\/index.php?rest_route=%2Fwp%2Fv2%2Ftags&post=534"}],"curies":[{"name":"wp","href":"https:\/\/api.w.org\/{rel}","templated":true}]}}