{"id":610,"date":"2015-07-20T23:17:39","date_gmt":"2015-07-20T23:17:39","guid":{"rendered":"http:\/\/fotoplus.com\/acesso\/?p=610"},"modified":"2015-07-20T23:17:39","modified_gmt":"2015-07-20T23:17:39","slug":"propagandas-de-carros-site","status":"publish","type":"post","link":"https:\/\/www.fotoplus.com\/acesso\/?p=610","title":{"rendered":"Propagandas de carros (site)"},"content":{"rendered":"<p>Criado pelo publicit\u00e1rio Samuel Martins, o site re\u00fane mais de 6.000 an\u00fancios sobre autom\u00f3veis no Brasil. As campanhas cobrem o per\u00edodo de 1919 at\u00e9 os dias atuais, com destaque para a segunda metade do s\u00e9culo XX.<\/p>\n<p>.link direto: <a title=\"Propagandas de Carros\" href=\"http:\/\/www.propagandasdecarros.com.br\" target=\"_blank\">http:\/\/www.propagandasdecarros.com.br<\/a><\/p>\n<p>&nbsp;<\/p>\n<p>.inser\u00e7\u00e3o em: 2015.07.20 &#8211; RM<\/p>\n","protected":false},"excerpt":{"rendered":"<p>Criado pelo publicit\u00e1rio Samuel Martins, o site re\u00fane mais de 6.000 an\u00fancios sobre autom\u00f3veis no Brasil. As campanhas cobrem o per\u00edodo de 1919 at\u00e9 os dias atuais, com destaque para a segunda metade do s\u00e9culo XX. .link direto: http:\/\/www.propagandasdecarros.com.br &nbsp; .inser\u00e7\u00e3o em: 2015.07.20 &#8211; RM<\/p>\n","protected":false},"author":1,"featured_media":0,"comment_status":"closed","ping_status":"open","sticky":false,"template":"","format":"standard","meta":{"footnotes":""},"categories":[23,39,45],"tags":[56,63],"class_list":["post-610","post","type-post","status-publish","format-standard","hentry","category-historia-brasil","category-publicidade","category-transportes","tag-anuncio","tag-automoveis"],"_links":{"self":[{"href":"https:\/\/www.fotoplus.com\/acesso\/index.php?rest_route=\/wp\/v2\/posts\/610","targetHints":{"allow":["GET"]}}],"collection":[{"href":"https:\/\/www.fotoplus.com\/acesso\/index.php?rest_route=\/wp\/v2\/posts"}],"about":[{"href":"https:\/\/www.fotoplus.com\/acesso\/index.php?rest_route=\/wp\/v2\/types\/post"}],"author":[{"embeddable":true,"href":"https:\/\/www.fotoplus.com\/acesso\/index.php?rest_route=\/wp\/v2\/users\/1"}],"replies":[{"embeddable":true,"href":"https:\/\/www.fotoplus.com\/acesso\/index.php?rest_route=%2Fwp%2Fv2%2Fcomments&post=610"}],"version-history":[{"count":0,"href":"https:\/\/www.fotoplus.com\/acesso\/index.php?rest_route=\/wp\/v2\/posts\/610\/revisions"}],"wp:attachment":[{"href":"https:\/\/www.fotoplus.com\/acesso\/index.php?rest_route=%2Fwp%2Fv2%2Fmedia&parent=610"}],"wp:term":[{"taxonomy":"category","embeddable":true,"href":"https:\/\/www.fotoplus.com\/acesso\/index.php?rest_route=%2Fwp%2Fv2%2Fcategories&post=610"},{"taxonomy":"post_tag","embeddable":true,"href":"https:\/\/www.fotoplus.com\/acesso\/index.php?rest_route=%2Fwp%2Fv2%2Ftags&post=610"}],"curies":[{"name":"wp","href":"https:\/\/api.w.org\/{rel}","templated":true}]}}