{"id":848,"date":"2018-10-27T00:10:31","date_gmt":"2018-10-27T03:10:31","guid":{"rendered":"http:\/\/www.fotoplus.com\/acesso\/?p=848"},"modified":"2025-03-30T14:38:51","modified_gmt":"2025-03-30T17:38:51","slug":"museu-paulista-usp-acervos-iconografico-e-objetos","status":"publish","type":"post","link":"https:\/\/www.fotoplus.com\/acesso\/?p=848","title":{"rendered":"Museu Paulista-USP &#8211; Acervos Iconogr\u00e1fico e Objetos"},"content":{"rendered":"\n<p class=\"has-text-align-right\"><strong>Este \u00e9 um post antigo (2018), veja <a href=\"https:\/\/www.fotoplus.com\/acesso\/?p=1307\">post (2025)<\/a><\/strong><\/p>\n\n\n\n<p>O Museu do Ipiranga &#8211; oficialmente Museu Paulista, unidade da USP &#8211; custodia umas das principais cole\u00e7\u00f5es de objetos (m\u00f3veis e equipamentos dom\u00e9sticos em especial) e iconografia (estampas, fotografias etc) do Estado de S\u00e3o Paulo. No campo da fotografia, integra, junto com os acervos da Prefeitura de S\u00e3o Paulo, os conjuntos hist\u00f3ricos pioneiros do segmento, reunindo os registros mais antigos da capital e parte do estado de S\u00e3o Paulo.<\/p>\n\n\n\n<p>Embora as bases digitais estejam dispon\u00edveis para consulta local h\u00e1 mais de uma d\u00e9cada, apenas h\u00e1 alguns anos o MP conseguiu estabelecer um servi\u00e7o online, de acesso restrito, at\u00e9 o fechamento do edif\u00edcio para reformas, apenas a pesquisadores acad\u00eamicos. No momento (2018) \u00e9 poss\u00edvel o acesso a acervos de objetos tridimensionais e iconogr\u00e1ficos. A cole\u00e7\u00e3o dispon\u00edvel inclui destaques como todo o conjunto remanescente de Milit\u00e3o Augusto de Azevedo (1837-1905) e a pioneira cole\u00e7\u00e3o de retratos organizada por Carlos Eug\u00eanio Marcondes de Moura. O acesso \u00e9 livre, mas permite, com cadastramento do usu\u00e1rio, criar sele\u00e7\u00f5es&#8230;<\/p>\n\n\n\n<p><strong>.link direto<\/strong>: <a href=\"http:\/\/acervo.mp.usp.br\/Acervo.aspx\" target=\"_blank\" rel=\"noopener\">http:\/\/acervo.mp.usp.br\/Acervo.aspx<\/a><\/p>\n\n\n\n<p>.<strong>link gen\u00e9rico<\/strong>: http:\/\/www.mp.usp.br (n\u00e3o h\u00e1 link para as bases) <br>(o link operacional n\u00e3o est\u00e1 mais operacional, RM 2025.03.30)<\/p>\n\n\n\n<p>&nbsp;<\/p>\n\n\n\n<p>.inser\u00e7\u00e3o em: 2018.10.26 \u2013 RM<\/p>\n\n\n\n<p>&nbsp;<\/p>\n\n\n\n<p><\/p>\n","protected":false},"excerpt":{"rendered":"<p>Este \u00e9 um post antigo (2018), veja post (2025) O Museu do Ipiranga &#8211; oficialmente Museu Paulista, unidade da USP &#8211; custodia umas das principais cole\u00e7\u00f5es de objetos (m\u00f3veis e equipamentos dom\u00e9sticos em especial) e iconografia (estampas, fotografias etc) do Estado de S\u00e3o Paulo. No campo da fotografia, integra, junto com os acervos da Prefeitura &hellip; <a href=\"https:\/\/www.fotoplus.com\/acesso\/?p=848\" class=\"more-link\">Continue lendo<span class=\"screen-reader-text\"> &#8220;Museu Paulista-USP &#8211; Acervos Iconogr\u00e1fico e Objetos&#8221;<\/span><\/a><\/p>\n","protected":false},"author":1,"featured_media":0,"comment_status":"closed","ping_status":"closed","sticky":false,"template":"","format":"standard","meta":{"footnotes":""},"categories":[22,25,28,30,37],"tags":[186,105,184,183,182,185],"class_list":["post-848","post","type-post","status-publish","format-standard","hentry","category-historia","category-historia-sao-paulo-cidade","category-historia-da-fotografia","category-historia-social","category-museus","tag-carlos-eugenio-marcondes-de-moura","tag-iconografia","tag-militao-augusto-de-azevedo","tag-museu-do-ipiranga","tag-museu-paulista-usp","tag-retrato"],"_links":{"self":[{"href":"https:\/\/www.fotoplus.com\/acesso\/index.php?rest_route=\/wp\/v2\/posts\/848","targetHints":{"allow":["GET"]}}],"collection":[{"href":"https:\/\/www.fotoplus.com\/acesso\/index.php?rest_route=\/wp\/v2\/posts"}],"about":[{"href":"https:\/\/www.fotoplus.com\/acesso\/index.php?rest_route=\/wp\/v2\/types\/post"}],"author":[{"embeddable":true,"href":"https:\/\/www.fotoplus.com\/acesso\/index.php?rest_route=\/wp\/v2\/users\/1"}],"replies":[{"embeddable":true,"href":"https:\/\/www.fotoplus.com\/acesso\/index.php?rest_route=%2Fwp%2Fv2%2Fcomments&post=848"}],"version-history":[{"count":17,"href":"https:\/\/www.fotoplus.com\/acesso\/index.php?rest_route=\/wp\/v2\/posts\/848\/revisions"}],"predecessor-version":[{"id":1313,"href":"https:\/\/www.fotoplus.com\/acesso\/index.php?rest_route=\/wp\/v2\/posts\/848\/revisions\/1313"}],"wp:attachment":[{"href":"https:\/\/www.fotoplus.com\/acesso\/index.php?rest_route=%2Fwp%2Fv2%2Fmedia&parent=848"}],"wp:term":[{"taxonomy":"category","embeddable":true,"href":"https:\/\/www.fotoplus.com\/acesso\/index.php?rest_route=%2Fwp%2Fv2%2Fcategories&post=848"},{"taxonomy":"post_tag","embeddable":true,"href":"https:\/\/www.fotoplus.com\/acesso\/index.php?rest_route=%2Fwp%2Fv2%2Ftags&post=848"}],"curies":[{"name":"wp","href":"https:\/\/api.w.org\/{rel}","templated":true}]}}