{"id":880,"date":"2018-11-16T02:10:13","date_gmt":"2018-11-16T05:10:13","guid":{"rendered":"http:\/\/www.fotoplus.com\/acesso\/?p=880"},"modified":"2018-11-16T02:22:09","modified_gmt":"2018-11-16T05:22:09","slug":"memorial-da-imigracao-judaica-sp-memorial-do-holocausto","status":"publish","type":"post","link":"https:\/\/www.fotoplus.com\/acesso\/?p=880","title":{"rendered":"Memorial da Imigra\u00e7\u00e3o Judaica (SP) &#8211; Memorial do Holocausto"},"content":{"rendered":"<p>Instalado junto \u00e0 Sinagoga Kehilat Israel, primeira constitu\u00edda no estado de S\u00e3o Paulo em 1912 no bairro do Bom Retiro, o Memorial da Imigra\u00e7\u00e3o Judaica, reinaugurado em 2016, oferece acesso online ao acervo de fotografias, documentos textuais, objetos etc. A cole\u00e7\u00e3o iconogr\u00e1fica tem acesso livre, mas o invent\u00e1rio e o documental exigem senha.<\/p>\n<ul>\n<li>link direto:<a href=\"http:\/\/memij.com.br\/index.php\/2017-01-20-18-17-00\/iconografia\" target=\"_blank\" rel=\"noopener\"> http:\/\/memij.com.br\/index.php\/2017-01-20-18-17-00\/iconografia<\/a><\/li>\n<li>link gen\u00e9rico: <a href=\"http:\/\/memij.com.br\" target=\"_blank\" rel=\"noopener\">http:\/\/memij.com.br<\/a><\/li>\n<\/ul>\n<p>inser\u00e7\u00e3o em: 2018.11.15 \u2013 RM<\/p>\n","protected":false},"excerpt":{"rendered":"<p>Instalado junto \u00e0 Sinagoga Kehilat Israel, primeira constitu\u00edda no estado de S\u00e3o Paulo em 1912 no bairro do Bom Retiro, o Memorial da Imigra\u00e7\u00e3o Judaica, reinaugurado em 2016, oferece acesso online ao acervo de fotografias, documentos textuais, objetos etc. A cole\u00e7\u00e3o iconogr\u00e1fica tem acesso livre, mas o invent\u00e1rio e o documental exigem senha. link direto: &hellip; <a href=\"https:\/\/www.fotoplus.com\/acesso\/?p=880\" class=\"more-link\">Continue lendo<span class=\"screen-reader-text\"> &#8220;Memorial da Imigra\u00e7\u00e3o Judaica (SP) &#8211; Memorial do Holocausto&#8221;<\/span><\/a><\/p>\n","protected":false},"author":1,"featured_media":0,"comment_status":"closed","ping_status":"closed","sticky":false,"template":"","format":"standard","meta":{"footnotes":""},"categories":[20,25,30,37],"tags":[198,196,107,118,195,197,147,199],"class_list":["post-880","post","type-post","status-publish","format-standard","hentry","category-fotografia","category-historia-sao-paulo-cidade","category-historia-social","category-museus","tag-bom-retiro","tag-holocausto","tag-imigracao","tag-judaismo","tag-migracao-judaica","tag-religiao","tag-sao-paulo-cidade-sp","tag-sinagoga-kehilat-israel"],"_links":{"self":[{"href":"https:\/\/www.fotoplus.com\/acesso\/index.php?rest_route=\/wp\/v2\/posts\/880","targetHints":{"allow":["GET"]}}],"collection":[{"href":"https:\/\/www.fotoplus.com\/acesso\/index.php?rest_route=\/wp\/v2\/posts"}],"about":[{"href":"https:\/\/www.fotoplus.com\/acesso\/index.php?rest_route=\/wp\/v2\/types\/post"}],"author":[{"embeddable":true,"href":"https:\/\/www.fotoplus.com\/acesso\/index.php?rest_route=\/wp\/v2\/users\/1"}],"replies":[{"embeddable":true,"href":"https:\/\/www.fotoplus.com\/acesso\/index.php?rest_route=%2Fwp%2Fv2%2Fcomments&post=880"}],"version-history":[{"count":4,"href":"https:\/\/www.fotoplus.com\/acesso\/index.php?rest_route=\/wp\/v2\/posts\/880\/revisions"}],"predecessor-version":[{"id":885,"href":"https:\/\/www.fotoplus.com\/acesso\/index.php?rest_route=\/wp\/v2\/posts\/880\/revisions\/885"}],"wp:attachment":[{"href":"https:\/\/www.fotoplus.com\/acesso\/index.php?rest_route=%2Fwp%2Fv2%2Fmedia&parent=880"}],"wp:term":[{"taxonomy":"category","embeddable":true,"href":"https:\/\/www.fotoplus.com\/acesso\/index.php?rest_route=%2Fwp%2Fv2%2Fcategories&post=880"},{"taxonomy":"post_tag","embeddable":true,"href":"https:\/\/www.fotoplus.com\/acesso\/index.php?rest_route=%2Fwp%2Fv2%2Ftags&post=880"}],"curies":[{"name":"wp","href":"https:\/\/api.w.org\/{rel}","templated":true}]}}