{"id":902,"date":"2019-12-20T02:55:08","date_gmt":"2019-12-20T05:55:08","guid":{"rendered":"http:\/\/www.fotoplus.com\/acesso\/?p=902"},"modified":"2019-12-20T02:58:16","modified_gmt":"2019-12-20T05:58:16","slug":"acervos-da-faculdade-de-arquitetura-e-urbanismo-usp","status":"publish","type":"post","link":"https:\/\/www.fotoplus.com\/acesso\/?p=902","title":{"rendered":"Acervos da Faculdade de Arquitetura e Urbanismo-USP"},"content":{"rendered":"\n<p><br>O banco de dados Acervos FAU-USP, disponibilizado em 18.12.2019, permite acesso ao conjunto documental sob guarda da Se\u00e7\u00e3o T\u00e9cnica de Materiais Iconogr\u00e1ficos da Biblioteca FAU-USP, da Se\u00e7\u00e3o T\u00e9cnica de Audiovisual (FotoV\u00eddeo FAUUSP) e da Se\u00e7\u00e3o T\u00e9cnica de Produ\u00e7\u00e3o Editorial (LPG FAUUSP). Baseado na plataforma Omeka, seguindo o padr\u00e3o Dublin Core de metadados, re\u00fane uma diversidade documental sobre arquitetura e urbanismo com fotografias, v\u00eddeos, maquetes, cartazes e projetos gr\u00e1ficos.<\/p>\n\n\n\n<ul class=\"wp-block-list\"><li><strong>link direto<\/strong>: <a rel=\"noreferrer noopener\" aria-label=\"http:\/\/acervos.fau.usp.br.\/s\/acervos\/page\/inicio (abre numa nova aba)\" href=\"http:\/\/acervos.fau.usp.br.\/s\/acervos\/page\/inicio\" target=\"_blank\">http:\/\/acervos.fau.usp.br.\/s\/acervos\/page\/inicio<\/a><\/li><li><strong>link gen\u00e9rico<\/strong>: <a href=\"http:\/\/www.fau.usp.br\" target=\"_blank\" rel=\"noreferrer noopener\" aria-label=\"http:\/www.fau.usp.br (abre numa nova aba)\">http:\/www.fau.usp.br<\/a><\/li><\/ul>\n\n\n\n<p>inser\u00e7\u00e3o em: 2019.12.19 \u2013 RM<\/p>\n","protected":false},"excerpt":{"rendered":"<p>O banco de dados Acervos FAU-USP, disponibilizado em 18.12.2019, permite acesso ao conjunto documental sob guarda da Se\u00e7\u00e3o T\u00e9cnica de Materiais Iconogr\u00e1ficos da Biblioteca FAU-USP, da Se\u00e7\u00e3o T\u00e9cnica de Audiovisual (FotoV\u00eddeo FAUUSP) e da Se\u00e7\u00e3o T\u00e9cnica de Produ\u00e7\u00e3o Editorial (LPG FAUUSP). Baseado na plataforma Omeka, seguindo o padr\u00e3o Dublin Core de metadados, re\u00fane uma diversidade &hellip; <a href=\"https:\/\/www.fotoplus.com\/acesso\/?p=902\" class=\"more-link\">Continue lendo<span class=\"screen-reader-text\"> &#8220;Acervos da Faculdade de Arquitetura e Urbanismo-USP&#8221;<\/span><\/a><\/p>\n","protected":false},"author":1,"featured_media":0,"comment_status":"closed","ping_status":"closed","sticky":false,"template":"","format":"standard","meta":{"footnotes":""},"categories":[2,4,20],"tags":[206,71,210,209,207,208],"class_list":["post-902","post","type-post","status-publish","format-standard","hentry","category-arquitetura","category-artes-graficas","category-fotografia","tag-arquitetura","tag-cartazes","tag-fau-usp","tag-filme","tag-maquete","tag-video"],"_links":{"self":[{"href":"https:\/\/www.fotoplus.com\/acesso\/index.php?rest_route=\/wp\/v2\/posts\/902","targetHints":{"allow":["GET"]}}],"collection":[{"href":"https:\/\/www.fotoplus.com\/acesso\/index.php?rest_route=\/wp\/v2\/posts"}],"about":[{"href":"https:\/\/www.fotoplus.com\/acesso\/index.php?rest_route=\/wp\/v2\/types\/post"}],"author":[{"embeddable":true,"href":"https:\/\/www.fotoplus.com\/acesso\/index.php?rest_route=\/wp\/v2\/users\/1"}],"replies":[{"embeddable":true,"href":"https:\/\/www.fotoplus.com\/acesso\/index.php?rest_route=%2Fwp%2Fv2%2Fcomments&post=902"}],"version-history":[{"count":2,"href":"https:\/\/www.fotoplus.com\/acesso\/index.php?rest_route=\/wp\/v2\/posts\/902\/revisions"}],"predecessor-version":[{"id":904,"href":"https:\/\/www.fotoplus.com\/acesso\/index.php?rest_route=\/wp\/v2\/posts\/902\/revisions\/904"}],"wp:attachment":[{"href":"https:\/\/www.fotoplus.com\/acesso\/index.php?rest_route=%2Fwp%2Fv2%2Fmedia&parent=902"}],"wp:term":[{"taxonomy":"category","embeddable":true,"href":"https:\/\/www.fotoplus.com\/acesso\/index.php?rest_route=%2Fwp%2Fv2%2Fcategories&post=902"},{"taxonomy":"post_tag","embeddable":true,"href":"https:\/\/www.fotoplus.com\/acesso\/index.php?rest_route=%2Fwp%2Fv2%2Ftags&post=902"}],"curies":[{"name":"wp","href":"https:\/\/api.w.org\/{rel}","templated":true}]}}