{"id":11,"date":"2010-10-21T20:56:40","date_gmt":"2010-10-21T20:56:40","guid":{"rendered":"http:\/\/fotoplus.com\/catalog\/?p=11"},"modified":"2020-12-29T04:01:10","modified_gmt":"2020-12-29T07:01:10","slug":"tematres","status":"publish","type":"post","link":"https:\/\/www.fotoplus.com\/catalog\/?p=11","title":{"rendered":"Tematres"},"content":{"rendered":"<p><strong>Tematres: software livre para gest\u00e3o de thesaurus\u00a0 (Argentina)<\/p>\n<p><\/strong>Criado pelo analista<strong> Diego Ferreyra, <\/strong>o software Tematres constituiu por longo tempo uma das \u00fanicas op\u00e7\u00f5es freeware dispon\u00edveis no mercado. Paralelamente, o desenvolvedor criou outras ferramentas de apoio como o visualizador para thesaurus &#8211; <a href=\"https:\/\/www.vocabularyserver.com\/visualvocabulary\/\" target=\"_blank\" rel=\"noopener noreferrer\"><em>Visual Vocabulary<\/em> <\/a>(2010-2011).<\/p>\n<p><strong>link<\/strong>: <a title=\"Tematres - geral\" href=\"http:\/\/tematres.r020.com.ar\/\" target=\"_blank\" rel=\"noopener noreferrer\">http:\/\/tematres.r020.com.ar\/<\/a><\/p>\n<p>.inser\u00e7\u00e3o: 2010.10.21 &#8211; RM, 2020.12.29<\/p>\n","protected":false},"excerpt":{"rendered":"<p>Tematres: software livre para gest\u00e3o de thesaurus\u00a0 (Argentina) Criado pelo analista Diego Ferreyra, o software Tematres constituiu por longo tempo uma das \u00fanicas op\u00e7\u00f5es freeware dispon\u00edveis no mercado. Paralelamente, o desenvolvedor criou outras ferramentas de apoio como o visualizador para thesaurus &#8211; Visual Vocabulary (2010-2011). link: http:\/\/tematres.r020.com.ar\/ .inser\u00e7\u00e3o: 2010.10.21 &#8211; RM, 2020.12.29<\/p>\n","protected":false},"author":1,"featured_media":0,"comment_status":"closed","ping_status":"closed","sticky":false,"template":"","format":"standard","meta":{"footnotes":""},"categories":[4,5,24],"tags":[25],"class_list":["post-11","post","type-post","status-publish","format-standard","hentry","category-software","category-thesaurus","category-visualizacao-grafica","tag-visual-vocabulary"],"_links":{"self":[{"href":"https:\/\/www.fotoplus.com\/catalog\/index.php?rest_route=\/wp\/v2\/posts\/11","targetHints":{"allow":["GET"]}}],"collection":[{"href":"https:\/\/www.fotoplus.com\/catalog\/index.php?rest_route=\/wp\/v2\/posts"}],"about":[{"href":"https:\/\/www.fotoplus.com\/catalog\/index.php?rest_route=\/wp\/v2\/types\/post"}],"author":[{"embeddable":true,"href":"https:\/\/www.fotoplus.com\/catalog\/index.php?rest_route=\/wp\/v2\/users\/1"}],"replies":[{"embeddable":true,"href":"https:\/\/www.fotoplus.com\/catalog\/index.php?rest_route=%2Fwp%2Fv2%2Fcomments&post=11"}],"version-history":[{"count":3,"href":"https:\/\/www.fotoplus.com\/catalog\/index.php?rest_route=\/wp\/v2\/posts\/11\/revisions"}],"predecessor-version":[{"id":178,"href":"https:\/\/www.fotoplus.com\/catalog\/index.php?rest_route=\/wp\/v2\/posts\/11\/revisions\/178"}],"wp:attachment":[{"href":"https:\/\/www.fotoplus.com\/catalog\/index.php?rest_route=%2Fwp%2Fv2%2Fmedia&parent=11"}],"wp:term":[{"taxonomy":"category","embeddable":true,"href":"https:\/\/www.fotoplus.com\/catalog\/index.php?rest_route=%2Fwp%2Fv2%2Fcategories&post=11"},{"taxonomy":"post_tag","embeddable":true,"href":"https:\/\/www.fotoplus.com\/catalog\/index.php?rest_route=%2Fwp%2Fv2%2Ftags&post=11"}],"curies":[{"name":"wp","href":"https:\/\/api.w.org\/{rel}","templated":true}]}}