{"id":21,"date":"2011-11-28T19:41:41","date_gmt":"2011-11-28T19:41:41","guid":{"rendered":"http:\/\/fotoplus.com\/catalog\/?p=21"},"modified":"2018-12-05T22:05:00","modified_gmt":"2018-12-06T01:05:00","slug":"incca-international-network-for-the-conservation-of-contemporary-art","status":"publish","type":"post","link":"https:\/\/www.fotoplus.com\/catalog\/?p=21","title":{"rendered":"INCCA &#8211; International Network for the Conservation of Contemporary Art"},"content":{"rendered":"<p>Rede de profissionais da \u00e1rea de conserva\u00e7\u00e3o, criada em 1999,\u00a0voltada para temas associados \u00e0 arte contempor\u00e2nea. Permite o acesso a artigos e bases de dados com estudos de caso.<\/p>\n<p>.link direto: <a title=\"INCCA\" href=\"http:\/\/www.incca.org\/\" target=\"_blank\"><strong>http:\/\/www.incca.org<\/strong><\/a><\/p>\n<p>.inserido por: 2011.11.28 &#8211; RM<\/p>\n","protected":false},"excerpt":{"rendered":"<p>Rede de profissionais da \u00e1rea de conserva\u00e7\u00e3o, criada em 1999,\u00a0voltada para temas associados \u00e0 arte contempor\u00e2nea. Permite o acesso a artigos e bases de dados com estudos de caso. .link direto: http:\/\/www.incca.org .inserido por: 2011.11.28 &#8211; RM<\/p>\n","protected":false},"author":1,"featured_media":0,"comment_status":"closed","ping_status":"closed","sticky":false,"template":"","format":"standard","meta":{"footnotes":""},"categories":[2,7],"tags":[6,8],"class_list":["post-21","post","type-post","status-publish","format-standard","hentry","category-conservacao","category-entidades","tag-arte-contemporanea","tag-eua"],"_links":{"self":[{"href":"https:\/\/www.fotoplus.com\/catalog\/index.php?rest_route=\/wp\/v2\/posts\/21","targetHints":{"allow":["GET"]}}],"collection":[{"href":"https:\/\/www.fotoplus.com\/catalog\/index.php?rest_route=\/wp\/v2\/posts"}],"about":[{"href":"https:\/\/www.fotoplus.com\/catalog\/index.php?rest_route=\/wp\/v2\/types\/post"}],"author":[{"embeddable":true,"href":"https:\/\/www.fotoplus.com\/catalog\/index.php?rest_route=\/wp\/v2\/users\/1"}],"replies":[{"embeddable":true,"href":"https:\/\/www.fotoplus.com\/catalog\/index.php?rest_route=%2Fwp%2Fv2%2Fcomments&post=21"}],"version-history":[{"count":1,"href":"https:\/\/www.fotoplus.com\/catalog\/index.php?rest_route=\/wp\/v2\/posts\/21\/revisions"}],"predecessor-version":[{"id":23,"href":"https:\/\/www.fotoplus.com\/catalog\/index.php?rest_route=\/wp\/v2\/posts\/21\/revisions\/23"}],"wp:attachment":[{"href":"https:\/\/www.fotoplus.com\/catalog\/index.php?rest_route=%2Fwp%2Fv2%2Fmedia&parent=21"}],"wp:term":[{"taxonomy":"category","embeddable":true,"href":"https:\/\/www.fotoplus.com\/catalog\/index.php?rest_route=%2Fwp%2Fv2%2Fcategories&post=21"},{"taxonomy":"post_tag","embeddable":true,"href":"https:\/\/www.fotoplus.com\/catalog\/index.php?rest_route=%2Fwp%2Fv2%2Ftags&post=21"}],"curies":[{"name":"wp","href":"https:\/\/api.w.org\/{rel}","templated":true}]}}