{"id":1275,"date":"2023-07-03T16:54:41","date_gmt":"2023-07-03T16:54:41","guid":{"rendered":"http:\/\/fotoplus.com\/duas\/?p=1275"},"modified":"2023-07-03T17:04:03","modified_gmt":"2023-07-03T17:04:03","slug":"flieg-tudo-que-e-solido-ims-paulista-22-8-2023-a-15-1-2024","status":"publish","type":"post","link":"https:\/\/www.fotoplus.com\/duas\/?p=1275","title":{"rendered":"Flieg. Tudo que \u00e9 s\u00f3lido (IMS Paulista, 22\/8\/2023 a 15\/1\/2024)"},"content":{"rendered":"\n<figure class=\"wp-block-embed is-type-wp-embed is-provider-instituto-moreira-salles wp-block-embed-instituto-moreira-salles\"><div class=\"wp-block-embed__wrapper\">\n<blockquote class=\"wp-embedded-content\" data-secret=\"khF5poJ45e\"><a href=\"https:\/\/ims.com.br\/exposicao\/flieg-tudo-que-e-solido_ims-paulista\/\">Flieg. Tudo que \u00e9 s\u00f3lido (IMS Paulista)<\/a><\/blockquote><iframe loading=\"lazy\" class=\"wp-embedded-content\" sandbox=\"allow-scripts\" security=\"restricted\" style=\"position: absolute; clip: rect(1px, 1px, 1px, 1px);\" title=\"&#8220;Flieg. Tudo que \u00e9 s\u00f3lido (IMS Paulista)&#8221; &#8212; Instituto Moreira Salles\" src=\"https:\/\/ims.com.br\/exposicao\/flieg-tudo-que-e-solido_ims-paulista\/embed\/#?secret=y7p7NNIsD8#?secret=khF5poJ45e\" data-secret=\"khF5poJ45e\" width=\"600\" height=\"338\" frameborder=\"0\" marginwidth=\"0\" marginheight=\"0\" scrolling=\"no\"><\/iframe>\n<\/div><\/figure>\n\n\n\n<p>&#8220;Hans Gunter Flieg trabalhou como fot\u00f3grafo em S\u00e3o Paulo de 1945 at\u00e9 a d\u00e9cada de 1980, com foco em fotografia industrial, publicit\u00e1ria, arquitet\u00f4nica e art\u00edstica, sempre com alto rigor formal. Esta exposi\u00e7\u00e3o celebra o centen\u00e1rio do fot\u00f3grafo com 108 obras de parede e cerca de 50 originais em vitrines, incluindo calend\u00e1rios, impressos, \u00e1lbuns e c\u00e2meras. As obras est\u00e3o organizadas nos n\u00facleos Arquitetura Industrial, Ind\u00fastria e Produto e Publicidade, destacando a associa\u00e7\u00e3o de Flieg com a escola alem\u00e3 da Nova Objetividade.&#8221;<br><br><a href=\"https:\/\/ims.com.br\/exposicao\/flieg-tudo-que-e-solido_ims-paulista\/\" target=\"_blank\" rel=\"noreferrer noopener\">Clique na imagem para acessar hotsite e texto curatorial<\/a><\/p>\n\n\n\n<h6 class=\"wp-block-heading\"><strong>Curadoria<br>Sergio Burgi<\/strong><\/h6>\n\n\n\n<p>Evento comemorativo dos 100 anos de Hans G\u00fcnter Flieg em 3 de julho de 2023<br><br>IMS Paulista, agosto de 2023 a janeiro de 2024<\/p>\n\n\n\n<p><\/p>\n","protected":false},"excerpt":{"rendered":"<p>&#8220;Hans Gunter Flieg trabalhou como fot\u00f3grafo em S\u00e3o Paulo de 1945 at\u00e9 a d\u00e9cada de 1980, com foco em fotografia industrial, publicit\u00e1ria, arquitet\u00f4nica e art\u00edstica, sempre com alto rigor formal. Esta exposi\u00e7\u00e3o celebra o centen\u00e1rio do fot\u00f3grafo com 108 obras de parede e cerca de 50 originais em vitrines, incluindo calend\u00e1rios, impressos, \u00e1lbuns e c\u00e2meras. &hellip; <a href=\"https:\/\/www.fotoplus.com\/duas\/?p=1275\" class=\"more-link\">Continue lendo<span class=\"screen-reader-text\"> &#8220;Flieg. Tudo que \u00e9 s\u00f3lido (IMS Paulista, 22\/8\/2023 a 15\/1\/2024)&#8221;<\/span><\/a><\/p>\n","protected":false},"author":2,"featured_media":0,"comment_status":"closed","ping_status":"open","sticky":false,"template":"","format":"standard","meta":{"footnotes":""},"categories":[95],"tags":[131,19,100,132],"class_list":["post-1275","post","type-post","status-publish","format-standard","hentry","category-fliegdebolso","tag-exposicao","tag-fotografia-seculo-xx","tag-hans-gunter-flieg","tag-sergio-burgi"],"_links":{"self":[{"href":"https:\/\/www.fotoplus.com\/duas\/index.php?rest_route=\/wp\/v2\/posts\/1275","targetHints":{"allow":["GET"]}}],"collection":[{"href":"https:\/\/www.fotoplus.com\/duas\/index.php?rest_route=\/wp\/v2\/posts"}],"about":[{"href":"https:\/\/www.fotoplus.com\/duas\/index.php?rest_route=\/wp\/v2\/types\/post"}],"author":[{"embeddable":true,"href":"https:\/\/www.fotoplus.com\/duas\/index.php?rest_route=\/wp\/v2\/users\/2"}],"replies":[{"embeddable":true,"href":"https:\/\/www.fotoplus.com\/duas\/index.php?rest_route=%2Fwp%2Fv2%2Fcomments&post=1275"}],"version-history":[{"count":4,"href":"https:\/\/www.fotoplus.com\/duas\/index.php?rest_route=\/wp\/v2\/posts\/1275\/revisions"}],"predecessor-version":[{"id":1280,"href":"https:\/\/www.fotoplus.com\/duas\/index.php?rest_route=\/wp\/v2\/posts\/1275\/revisions\/1280"}],"wp:attachment":[{"href":"https:\/\/www.fotoplus.com\/duas\/index.php?rest_route=%2Fwp%2Fv2%2Fmedia&parent=1275"}],"wp:term":[{"taxonomy":"category","embeddable":true,"href":"https:\/\/www.fotoplus.com\/duas\/index.php?rest_route=%2Fwp%2Fv2%2Fcategories&post=1275"},{"taxonomy":"post_tag","embeddable":true,"href":"https:\/\/www.fotoplus.com\/duas\/index.php?rest_route=%2Fwp%2Fv2%2Ftags&post=1275"}],"curies":[{"name":"wp","href":"https:\/\/api.w.org\/{rel}","templated":true}]}}