{"id":1338,"date":"2024-06-23T02:50:18","date_gmt":"2024-06-23T02:50:18","guid":{"rendered":"http:\/\/www.fotoplus.com\/duas\/?p=1338"},"modified":"2024-06-23T05:26:04","modified_gmt":"2024-06-23T05:26:04","slug":"que-historia-voce-desejaproem-por-geoffrey-batchen-2002","status":"publish","type":"post","link":"https:\/\/www.fotoplus.com\/duas\/?p=1338","title":{"rendered":"Que hist\u00f3ria voc\u00ea deseja"},"content":{"rendered":"\n<p class=\"has-medium-font-size\">Proem, por Geoffrey Batchen (2002)<\/p>\n\n\n\n<p><\/p>\n\n\n\n<p style=\"font-size:14px\">Pro\u00eamio<br><br>Eu quero um novo tipo de hist\u00f3ria.<br>Eu quero uma hist\u00f3ria que olhe para a fotografia, n\u00e3o apenas para fotografias de arte, uma hist\u00f3ria que possa falar com a complexidade do cotidiano (uma hist\u00f3ria que \u00e9 fiel \u00e0 vida).<br>Eu quero uma hist\u00f3ria que me fa\u00e7a pensar e possa me fazer chorar.<br>Eu quero uma hist\u00f3ria que seja impiedosamente honesta sobre o que v\u00ea e o que \u00e9.<br>Eu quero uma hist\u00f3ria c\u00e9tica em rela\u00e7\u00e3o \u00e0s afirma\u00e7\u00f5es de verdade, incluindo afirma\u00e7\u00f5es sobre a verdade do passado, uma hist\u00f3ria que se liberte de uma narrativa evolutiva.<br>Eu quero uma hist\u00f3ria que desconfie do progresso.<br>Eu quero uma hist\u00f3ria que n\u00e3o comece simplesmente no come\u00e7o e termine agora. Eu quero uma hist\u00f3ria que trace a trajet\u00f3ria de uma imagem, bem como sua origem.<br>Eu quero uma hist\u00f3ria que n\u00e3o tenha a pretens\u00e3o de saber o que \u00e9 fotografia (e n\u00e3o tenha medo da contradi\u00e7\u00e3o).<br>Eu quero uma hist\u00f3ria que n\u00e3o seja limitada pelo bom gosto e que ouse [transitar] no com\u00e9rcio.<br>Eu quero uma hist\u00f3ria que tenha consci\u00eancia do seu pr\u00f3prio poder e n\u00e3o tenha medo de se dizer pol\u00edtica.<br>Eu quero uma hist\u00f3ria que comece a partir de fotografias \u00fanicas e trabalhe para fora a partir da\u00ed.<br>Eu quero uma hist\u00f3ria que reconhe\u00e7a que as fotografias t\u00eam m\u00faltiplas manifesta\u00e7\u00f5es e s\u00e3o objetos e tamb\u00e9m imagens (quero uma hist\u00f3ria que leve em conta todos os meus sentidos).<br>Eu quero uma hist\u00f3ria que veja al\u00e9m da Europa e dos Estados Unidos, e que esteja interessada em mais do que os esfor\u00e7os criativos de alguns homens brancos (Eu quero uma hist\u00f3ria que seja dividida pela diferen\u00e7a).<br>Eu quero uma hist\u00f3ria que n\u00e3o pretenda ser universal, desprendida, objetiva, mas que reconhe\u00e7a e implique a subjetividade do escritor<br>Eu quero uma hist\u00f3ria argumentativa, insatisfeita, l\u00edrica, raivosa, po\u00e9tica.<br>Eu quero uma hist\u00f3ria que fale comigo, n\u00e3o comigo, uma hist\u00f3ria em que o leitor seja um participante c\u00famplice.<br>Eu quero uma hist\u00f3ria onde a sua forma seja tamb\u00e9m o seu conte\u00fado.<br>Eu quero uma hist\u00f3ria de vanguarda, n\u00e3o uma hist\u00f3ria da vanguarda.<br><br>Que tipo de hist\u00f3ria voc\u00ea quer?<\/p>\n\n\n\n<hr class=\"wp-block-separator has-alpha-channel-opacity is-style-wide\"\/>\n\n\n\n<p class=\"has-small-font-size\"><br><br>tradu\u00e7\u00e3o livre a partir do original em ingl\u00eas de &#8220;Proem&#8221;, de Geoffrey Batchen <br>(via Microsoft translator)<br><br>Publicado na abertura de edi\u00e7\u00e3o dedicada \u00e0 fotografia vernacular, coordenada pelo autor, em: <em>Aperture<\/em>, Rochester, \u00a0Visual Studies Workshop, \u00a029\u00a0(6):\u00a03, \u00a0May 2002.\u00a0dispon\u00edvel em: <a href=\"https:\/\/doi.org\/10.1525\/aft.2002.29.6.3a\" target=\"_blank\" rel=\"noreferrer noopener\">https:\/\/doi.org\/10.1525\/aft.2002.29.6.3a<\/a>. Acesso: 23 de junho de 2024<\/p>\n\n\n\n<p><br><\/p>\n\n\n\n<div class=\"wp-block-group is-nowrap is-layout-flex wp-container-core-group-is-layout-ad2f72ca wp-block-group-is-layout-flex\">\n<div class=\"wp-block-group is-nowrap is-layout-flex wp-container-core-group-is-layout-ad2f72ca wp-block-group-is-layout-flex\">\n<hr class=\"wp-block-separator has-alpha-channel-opacity is-style-wide\"\/>\n<\/div>\n<\/div>\n","protected":false},"excerpt":{"rendered":"<p>Proem, por Geoffrey Batchen (2002) Pro\u00eamio Eu quero um novo tipo de hist\u00f3ria.Eu quero uma hist\u00f3ria que olhe para a fotografia, n\u00e3o apenas para fotografias de arte, uma hist\u00f3ria que possa falar com a complexidade do cotidiano (uma hist\u00f3ria que \u00e9 fiel \u00e0 vida).Eu quero uma hist\u00f3ria que me fa\u00e7a pensar e possa me fazer &hellip; <a href=\"https:\/\/www.fotoplus.com\/duas\/?p=1338\" class=\"more-link\">Continue lendo<span class=\"screen-reader-text\"> &#8220;Que hist\u00f3ria voc\u00ea deseja&#8221;<\/span><\/a><\/p>\n","protected":false},"author":2,"featured_media":0,"comment_status":"closed","ping_status":"open","sticky":false,"template":"","format":"standard","meta":{"footnotes":""},"categories":[24],"tags":[134,133,74,31,135],"class_list":["post-1338","post","type-post","status-publish","format-standard","hentry","category-historia-da-fotografia","tag-aperture-revista","tag-fotografia-eua","tag-geoffrey-batchen","tag-poesia","tag-visual-studies-workshop"],"_links":{"self":[{"href":"https:\/\/www.fotoplus.com\/duas\/index.php?rest_route=\/wp\/v2\/posts\/1338","targetHints":{"allow":["GET"]}}],"collection":[{"href":"https:\/\/www.fotoplus.com\/duas\/index.php?rest_route=\/wp\/v2\/posts"}],"about":[{"href":"https:\/\/www.fotoplus.com\/duas\/index.php?rest_route=\/wp\/v2\/types\/post"}],"author":[{"embeddable":true,"href":"https:\/\/www.fotoplus.com\/duas\/index.php?rest_route=\/wp\/v2\/users\/2"}],"replies":[{"embeddable":true,"href":"https:\/\/www.fotoplus.com\/duas\/index.php?rest_route=%2Fwp%2Fv2%2Fcomments&post=1338"}],"version-history":[{"count":10,"href":"https:\/\/www.fotoplus.com\/duas\/index.php?rest_route=\/wp\/v2\/posts\/1338\/revisions"}],"predecessor-version":[{"id":1351,"href":"https:\/\/www.fotoplus.com\/duas\/index.php?rest_route=\/wp\/v2\/posts\/1338\/revisions\/1351"}],"wp:attachment":[{"href":"https:\/\/www.fotoplus.com\/duas\/index.php?rest_route=%2Fwp%2Fv2%2Fmedia&parent=1338"}],"wp:term":[{"taxonomy":"category","embeddable":true,"href":"https:\/\/www.fotoplus.com\/duas\/index.php?rest_route=%2Fwp%2Fv2%2Fcategories&post=1338"},{"taxonomy":"post_tag","embeddable":true,"href":"https:\/\/www.fotoplus.com\/duas\/index.php?rest_route=%2Fwp%2Fv2%2Ftags&post=1338"}],"curies":[{"name":"wp","href":"https:\/\/api.w.org\/{rel}","templated":true}]}}