{"id":1372,"date":"2024-11-25T06:50:27","date_gmt":"2024-11-25T06:50:27","guid":{"rendered":"http:\/\/fotoplus.com\/duas\/?p=1372"},"modified":"2024-11-28T08:34:23","modified_gmt":"2024-11-28T08:34:23","slug":"hans-gunter-flieg-1923-2024-o-fotografo-quando-jovem","status":"publish","type":"post","link":"https:\/\/www.fotoplus.com\/duas\/?p=1372","title":{"rendered":"Hans G\u00fcnter Flieg (1923-2024): o fot\u00f3grafo quando jovem"},"content":{"rendered":"\n<p> Aos 101 anos, l\u00facido e atento, H. G. Flieg (1923-2024) faleceu em S\u00e3o Paulo no in\u00edcio de setembro. A longevidade, por\u00e9m, n\u00e3o o deixou isolado ou esquecido. Ativo em \u00e1reas como publicidade e fotografia industrial entre os anos 1940 e o in\u00edcio dos anos 1980, Flieg tornara-se desde ent\u00e3o uma figura de refer\u00eancia. <br><br>A consci\u00eancia da relev\u00e2ncia documental de sua produ\u00e7\u00e3o sobre o panorama paulistano nesses anos \u00e9 um tra\u00e7o distintivo do fot\u00f3grafo. Desde sua primeira grande retrospectiva em agosto de 1981 no MIS S\u00e3o Paulo: <em>Hans G\u00fcnter Flieg: 40 anos de fotografia<\/em>, com breve cat\u00e1logo, essa presen\u00e7a foi lentamente elaborada. A incorpora\u00e7\u00e3o do acervo de imagens em 2006 pelo Instituto Moreira Salles estabeleceu, por fim, um campo seguro para preserva\u00e7\u00e3o e pesquisas por novas gera\u00e7\u00f5es de historiadores e especialistas diversos.<br><\/p>\n\n\n\n<p>Em 2023, ano do centen\u00e1rio de nascimento, \u00e9 homenageado com a mostra individual <em>flieg. tudo \u00e9 s\u00f3lido<\/em>, no IMS Paulista, com curadoria de Sergio Burgi, realizada entre agosto daquele ano e fevereiro do seguinte. Em abril, contudo, recebera homenagem inesperada com refer\u00eancia no cartaz, no cat\u00e1logo e trailers do festival de cinema document\u00e1rio <em>\u00c9 tudo verdade 2023, <\/em>organizado por Amir Labaki, sem mesmo haver uma rela\u00e7\u00e3o direta de sua obra com o cinema, fato que expressa um alcance al\u00e9m do campo especializado. Em janeiro do ano seguinte, a mostra no IMS \u00e9 premiada pela APCA. <br><br>Sua morte acontece ent\u00e3o em momento importante no percurso pessoal, atendidos seus desejos desde os anos 1980 em conquistar uma forma de preserva\u00e7\u00e3o da obra e seu tempo. Essa \u00faltima express\u00e3o \u00e9, em verdade, caracter\u00edstica de Hans Flieg, sempre dispon\u00edvel para conversar sobre suas imagens mas atento ao sistema de produ\u00e7\u00e3o e circula\u00e7\u00e3o das fotografias em cada campo em que atuou como publicidade ou documenta\u00e7\u00e3o industrial e patrimonial, atento a parceiros e agentes fundamentais para essas realiza\u00e7\u00f5es.<\/p>\n\n\n\n<p>Os necrol\u00f3gios, desde o ensaio de primeira hora por Nana Rubin no site do IMS, chegam aos jornais locais, em 12 de outubro, por Diego Alejandro, na <em>Folha de S.Paulo<\/em>, e no dia seguinte em <em>O  Estado de S. Paulo,<\/em> escrito por autor pr\u00f3ximo ao fot\u00f3grafo &#8211; Luis Krausz.<br><br>Dif\u00edcil pensar agora em tema que fosse oportuno para registro neste site <em>Flieg de Bolso, <\/em>produzido atrav\u00e9s de uma colabora\u00e7\u00e3o longa com Flieg. A decis\u00e3o final foi enfocar algo para o qual o fot\u00f3grafo sempre esteve dispon\u00edvel: falar sobre suas obras, a produ\u00e7\u00e3o e contexto das imagens. Escolhi algo que me interessou de imediato quando o conheci quarenta anos atr\u00e1s: o calend\u00e1rio que fizera muito jovem para a ind\u00fastria de Pirelli, que no momento investia com destaque na manufatura de pneus.<\/p>\n\n\n\n<p><\/p>\n\n\n\n<figure class=\"wp-block-image size-large\"><img loading=\"lazy\" decoding=\"async\" width=\"529\" height=\"1024\" src=\"http:\/\/fotoplus.com\/duas\/wp-content\/uploads\/2024\/11\/hgf-cal-pirelli-1949-00-janeiro-529x1024.jpg\" alt=\"\" class=\"wp-image-1373\" srcset=\"https:\/\/www.fotoplus.com\/duas\/wp-content\/uploads\/2024\/11\/hgf-cal-pirelli-1949-00-janeiro-529x1024.jpg 529w, https:\/\/www.fotoplus.com\/duas\/wp-content\/uploads\/2024\/11\/hgf-cal-pirelli-1949-00-janeiro-155x300.jpg 155w, https:\/\/www.fotoplus.com\/duas\/wp-content\/uploads\/2024\/11\/hgf-cal-pirelli-1949-00-janeiro-scaled.jpg 1323w\" sizes=\"auto, (max-width: 529px) 85vw, 529px\" \/><\/figure>\n\n\n\n<p>Calend\u00e1rio Pirelli 1949, folha para m\u00eas de janeiro. Acervo IMS.<\/p>\n\n\n\n<p class=\"has-text-align-right has-medium-font-size\">&#8220;Aos 25 anos, H. G. Flieg \u00e9 comissionado pela ag\u00eancia Standard Propaganda para seu primeiro trabalho de envergadura. O calend\u00e1rio Pirelli para 1949 \u00e9 relevante por tomar como ponto de partida o livro <em>Arbeit!<\/em>, de Paul Wolff (1937). O calend\u00e1rio permite discutir a difus\u00e3o da fotografia moderna, a publicidade e outras faces da modernidade brasileira em constru\u00e7\u00e3o, bem como identificar procedimentos de longa dura\u00e7\u00e3o na obra do fot\u00f3grafo.&#8221;<\/p>\n\n\n\n<p class=\"has-text-align-right\">ensaio <em>O fot\u00f3grafo quando jovem: o calend\u00e1rio Pirelli para 1949<\/em><br><br>v<strong>eja os links para o texto completo do ensaio<\/strong><br><strong> ap\u00f3s as imagens<\/strong><br><\/p>\n\n\n\n<figure class=\"wp-block-image size-large\"><img loading=\"lazy\" decoding=\"async\" width=\"547\" height=\"1024\" src=\"http:\/\/fotoplus.com\/duas\/wp-content\/uploads\/2024\/11\/hgf-cal-pirelli-1949-05-maio-547x1024.jpg\" alt=\"\" class=\"wp-image-1374\" srcset=\"https:\/\/www.fotoplus.com\/duas\/wp-content\/uploads\/2024\/11\/hgf-cal-pirelli-1949-05-maio-547x1024.jpg 547w, https:\/\/www.fotoplus.com\/duas\/wp-content\/uploads\/2024\/11\/hgf-cal-pirelli-1949-05-maio-160x300.jpg 160w, https:\/\/www.fotoplus.com\/duas\/wp-content\/uploads\/2024\/11\/hgf-cal-pirelli-1949-05-maio-scaled.jpg 1368w\" sizes=\"auto, (max-width: 547px) 85vw, 547px\" \/><\/figure>\n\n\n\n<p>Calend\u00e1rio Pirelli 1949, folha para m\u00eas de maio. Acervo IMS.<\/p>\n\n\n\n<p class=\"has-small-font-size\">Ensaio apresentado no evento <em><strong>Modernismos em di\u00e1logo:<\/strong><\/em> o papel social da arte e da fotografia a partir da obras de Hans G\u00fcnter Flieg, organizado por Helouise Costa e Marcos Fabris, realizado em: MAC-USP (SP, 13 a 15.04.2015), dispon\u00edvel em formato PDF em 2021.<br><br>dispon\u00edvel (em separata) em: <br><a href=\"https:\/\/archive.org\/details\/mendes-r-2015-modernismos-em-dialogo-flieg-fotografo-quando-jovem\/page\/n1\/mode\/2up\" target=\"_blank\" rel=\"noreferrer noopener\">https:\/\/archive.org\/details\/mendes-r-2015-modernismos-em-dialogo-flieg-fotografo-quando-jovem<\/a><\/p>\n\n\n\n<p class=\"has-small-font-size\"><br>dispon\u00edvel (anais, completo) em: <a href=\"http:\/\/doi.org\/10.11606\/9788594195180\" target=\"_blank\" rel=\"noreferrer noopener\">http:\/\/doi.org\/10.11606\/9788594195180<\/a> (2021)<\/p>\n\n\n\n<p><\/p>\n\n\n\n<p><\/p>\n\n\n\n<p><\/p>\n","protected":false},"excerpt":{"rendered":"<p>Aos 101 anos, l\u00facido e atento, H. G. Flieg (1923-2024) faleceu em S\u00e3o Paulo no in\u00edcio de setembro. A longevidade, por\u00e9m, n\u00e3o o deixou isolado ou esquecido. Ativo em \u00e1reas como publicidade e fotografia industrial entre os anos 1940 e o in\u00edcio dos anos 1980, Flieg tornara-se desde ent\u00e3o uma figura de refer\u00eancia. A consci\u00eancia &hellip; <a href=\"https:\/\/www.fotoplus.com\/duas\/?p=1372\" class=\"more-link\">Continue lendo<span class=\"screen-reader-text\"> &#8220;Hans G\u00fcnter Flieg (1923-2024): o fot\u00f3grafo quando jovem&#8221;<\/span><\/a><\/p>\n","protected":false},"author":2,"featured_media":0,"comment_status":"closed","ping_status":"open","sticky":false,"template":"","format":"standard","meta":{"footnotes":""},"categories":[95],"tags":[136,138,19,100,137],"class_list":["post-1372","post","type-post","status-publish","format-standard","hentry","category-fliegdebolso","tag-calendario","tag-calendario-pirelli-1949","tag-fotografia-seculo-xx","tag-hans-gunter-flieg","tag-pirelli"],"_links":{"self":[{"href":"https:\/\/www.fotoplus.com\/duas\/index.php?rest_route=\/wp\/v2\/posts\/1372","targetHints":{"allow":["GET"]}}],"collection":[{"href":"https:\/\/www.fotoplus.com\/duas\/index.php?rest_route=\/wp\/v2\/posts"}],"about":[{"href":"https:\/\/www.fotoplus.com\/duas\/index.php?rest_route=\/wp\/v2\/types\/post"}],"author":[{"embeddable":true,"href":"https:\/\/www.fotoplus.com\/duas\/index.php?rest_route=\/wp\/v2\/users\/2"}],"replies":[{"embeddable":true,"href":"https:\/\/www.fotoplus.com\/duas\/index.php?rest_route=%2Fwp%2Fv2%2Fcomments&post=1372"}],"version-history":[{"count":6,"href":"https:\/\/www.fotoplus.com\/duas\/index.php?rest_route=\/wp\/v2\/posts\/1372\/revisions"}],"predecessor-version":[{"id":1391,"href":"https:\/\/www.fotoplus.com\/duas\/index.php?rest_route=\/wp\/v2\/posts\/1372\/revisions\/1391"}],"wp:attachment":[{"href":"https:\/\/www.fotoplus.com\/duas\/index.php?rest_route=%2Fwp%2Fv2%2Fmedia&parent=1372"}],"wp:term":[{"taxonomy":"category","embeddable":true,"href":"https:\/\/www.fotoplus.com\/duas\/index.php?rest_route=%2Fwp%2Fv2%2Fcategories&post=1372"},{"taxonomy":"post_tag","embeddable":true,"href":"https:\/\/www.fotoplus.com\/duas\/index.php?rest_route=%2Fwp%2Fv2%2Ftags&post=1372"}],"curies":[{"name":"wp","href":"https:\/\/api.w.org\/{rel}","templated":true}]}}